{"id":258,"date":"2016-07-21T16:56:44","date_gmt":"2016-07-21T14:56:44","guid":{"rendered":"http:\/\/paovalle.xyz\/proloco\/?p=258"},"modified":"2016-07-21T16:56:44","modified_gmt":"2016-07-21T14:56:44","slug":"natale-nellaria-ii-edizione","status":"publish","type":"post","link":"https:\/\/prolococittadicaserta.it\/?p=258","title":{"rendered":"NATALE NELL&#8217;ARIA &#8211; II Edizione"},"content":{"rendered":"<p>\t\t\t\t<a href=\"http:\/\/www.prolocodeltrivice.it\/wp-content\/uploads\/2016\/07\/Copertina-BOZZA-al-18_07_16.pdf\">Copertina &#8211; BOZZA al 18_07_16<\/a><\/p>\n<p>L\u2019Associazione Artistica <strong>Artando<\/strong> di San Clemente, in collaborazione con La <strong>Pro loco del Trivice<\/strong> di San Clemente, l\u2019Associazione<strong> Re curo<\/strong> (risano, rinnovo, recupero, rifinisco con cura \u2026) di Maddaloni, l\u2019Associazione <strong>Cuochi e Ristoratori<\/strong> <strong>Terra di Lavoro<\/strong>, l\u2019Associazione <strong>Favole Seriche <\/strong>di San Leucio, l\u2019Associazione Artistica <strong>Euroarte<\/strong>,\u00a0 <strong>Pensiero Libero Network<\/strong> (quale Media partner della manifestazione), l&#8217;Associazione provinciale <strong>ACSE<\/strong> di Caserta,\u00a0l\u2019<strong>Istituto di Ricerca Storica delle due Sicilie<\/strong> di Maddaloni e l\u2019<strong>A.S.D. Power<\/strong> di Casagiove, tutte operanti nel campo del volontariato, dell\u2019associazionismo, della promozione e dell\u2019accoglienza turistica del territorio casertano e da sempre impegnate per la valorizzazione dell\u2019enorme patrimonio naturalistico, storico ed artistico che la nostra terra ci offre, sono liete di presentare la seconda edizione di \u201c<strong>Natale nell\u2019aria<\/strong>\u201d. Certi di suscitare vivo apprezzamento per le manifestazioni inserite nel programma e lo sprono a continuare su questa linea confidando sulle potenzialit\u00e0 che questa nobile terra ci offre.<\/p>\n<p>Quest\u2019anno cade il trecentesimo anno della nascita di Carlo III di Borbone\u00a0 ed il nostro territorio \u00e8 stato investito dalla magnificenza e dal mecenatismo di un sovrano illuminato che amava il proprio regno. Allo scopo di celebrare degnamente tale ricorrenza tutto il programma ha assunto il titolo di \u201c<em>Alla Corte del Re<\/em>\u201d.<\/p>\n<p>Gli eventi previsti hanno in primo luogo risposto ad un\u2019esigenza di conoscenza storica in grado di suscitare l\u2019interesse dei grandi ma soprattutto dei meno grandi e l\u2019orgoglio di essere figli di questa terra in un processo di condivisione e promozione dell\u2019imponente patrimonio artistico, delle tradizioni e delle innovazioni che la famiglia \u201cBorbone\u201d ma in special modo re Carlo III ha determinato e che noi dimentichiamo.<\/p>\n<p>Risulta pertanto doveroso per gli operatori che hanno stilato il programma che segue e che operano nel settore del volontariato e nel campo delle arti in genere esprimere , attraverso il programma la propria sensibilit\u00e0 e la consapevolezza di una grande responsabilit\u00e0 nel promuovere e far rivivere le bellezze, gli eventi e le tradizioni\u00a0 che il mondo intero ci invidia.<\/p>\n<p>L\u2019intento \u00e8 quello di offrire a coloro che vorranno di essere graditi ospiti delle varie attivit\u00e0 in programma (cortei storici, convegni, concerti, mostre, etc.) con l\u2019opportunit\u00e0 di ampliare le proprie conoscenze in chiave natalizia, \u00a0della storia, delle tradizioni e dei costumi presso la Corte Borbonica.<\/p>\n<p>L\u2019iniziativa, nasce da un\u2019idea di Antonio Santoro e dell\u2019Architetto Antonio Mereu (maturata dalle associazioni di appartenenza) e \u00a0che \u00a0coordineranno la direzione artistica degli eventi.<\/p>\n<p>Il progetto ha una valenza extra-regionale ma tende in questa prima fase a suscitare l\u2019interesse \u00a0e il coinvolgimento dei cittadini casertani e dei tanti auspicati turisti che vorranno presenziare ai vari eventi previsti dal programma. \u00a0L\u2019obiettivo primario degli organizzatori sar\u00e0 quello attraverso la ricostruzione del contesto storico appropriato risvegliare interessi o sensazioni trascurate, disconosciute o sopite.<\/p>\n<p>Nel contempo, ricalcando iniziative gi\u00e0 vive e consolidate in altre realt\u00e0 ( a livello regionale e nazionale) coinvolgendo nel progetto i giovani, avviare un processo virtuoso e dinamico di attrazione e gestione dei flussi turistici in grado di determinare possibilit\u00e0 occupazionali specie per le nuove generazioni in particolar modo per il\u00a0 nostro Sud.<\/p>\n<p>Riteniamo, inoltre, di non poter rimanere inoperosi riguardo al fenomeno di uno scarso interesse \u00a0che \u00a0gli \u00a0operatori \u00a0turistici \u00a0hanno \u00a0per la \u00a0nostra area geografica che (fatto salvo i grandi attrattori come la Reggia, Pompei etc.) pur ricchissima di bellezze naturali e storiche, soffre di un limitato \u201csfruttamento\u201d delle stesse in termini di canalizzazione dei \u201cflussi turistici\u201d, nazionali ed internazionali. Ci\u00f2 presuppone (ed \u00e8 inutile nasconderlo) \u00a0l\u2019attivazione\u00a0 di procedure attivate da \u201cscelte politiche\u201d per l\u2019effettuazione di interventi\u00a0 anche minimi miranti al miglioramento della viabilit\u00e0 ed alla creazione di aree recettive per lo stazionamento dei pullman e l\u2019accoglienza dei turisti. Creazione di mercatini convenzionati\u00a0 a ridosso di tali aree tali da determinare un sicuro ritorno economico a vantaggio della comunit\u00e0 e sviluppo turistico. In sintesi noi ci auguriamo, ringraziando per la disponibilit\u00e0 ed il patrocinio le Istituzioni e gli Enti coinvolti, di poter essere un valido aiuto nell\u2019avvio di un progetto di riscatto socio \u2013 economico del nostro Territorio contribuendo, nel contempo, a valorizzarne e far meglio conoscere \u00a0il vastissimo patrimonio artistico \u2013 culturale esistente.<\/p>\n<p>Vogliamo, infine, rivolgere un invito \u00a0alla collaborazione di tutti i cittadini per il riscatto della Citt\u00e0 di Caserta e della sua Provincia affinch\u00e9 venga conosciuta ed apprezzata ancor pi\u00f9 per l\u2019unicit\u00e0 del patrimonio naturalistico, artistico, dei prodotti artigianali e\/o delle tradizioni sia in Italia che nel mondo piuttosto che \u00a0come \u201cterra dei fuochi\u201d.<\/p>\n<p><strong>Sar\u00e0 questa, vi assicuriamo di garantire il massimo impegno, una scommessa da vincere !!!<\/strong><\/p>\n<p>&nbsp;\t\t<\/p>\n","protected":false},"excerpt":{"rendered":"<p>Copertina &#8211; BOZZA al 18_07_16 L\u2019Associazione Artistica Artando di San Clemente, in collaborazione con La Pro loco del Trivice di San Clemente, l\u2019Associazione Re curo (risano, rinnovo, recupero, rifinisco con cura \u2026) di Maddaloni, l\u2019Associazione Cuochi e Ristoratori Terra di Lavoro, l\u2019Associazione Favole Seriche di San Leucio, l\u2019Associazione Artistica Euroarte,\u00a0 Pensiero Libero Network (quale Media &hellip; <\/p>\n<p class=\"link-more\"><a href=\"https:\/\/prolococittadicaserta.it\/?p=258\" class=\"more-link\">Leggi tutto<span class=\"screen-reader-text\"> &#8220;NATALE NELL&#8217;ARIA &#8211; II Edizione&#8221;<\/span><\/a><\/p>\n","protected":false},"author":1,"featured_media":0,"comment_status":"closed","ping_status":"open","sticky":false,"template":"","format":"standard","meta":{"footnotes":""},"categories":[7],"tags":[],"class_list":["post-258","post","type-post","status-publish","format-standard","hentry","category-senza-categoria"],"_links":{"self":[{"href":"https:\/\/prolococittadicaserta.it\/index.php?rest_route=\/wp\/v2\/posts\/258","targetHints":{"allow":["GET"]}}],"collection":[{"href":"https:\/\/prolococittadicaserta.it\/index.php?rest_route=\/wp\/v2\/posts"}],"about":[{"href":"https:\/\/prolococittadicaserta.it\/index.php?rest_route=\/wp\/v2\/types\/post"}],"author":[{"embeddable":true,"href":"https:\/\/prolococittadicaserta.it\/index.php?rest_route=\/wp\/v2\/users\/1"}],"replies":[{"embeddable":true,"href":"https:\/\/prolococittadicaserta.it\/index.php?rest_route=%2Fwp%2Fv2%2Fcomments&post=258"}],"version-history":[{"count":0,"href":"https:\/\/prolococittadicaserta.it\/index.php?rest_route=\/wp\/v2\/posts\/258\/revisions"}],"wp:attachment":[{"href":"https:\/\/prolococittadicaserta.it\/index.php?rest_route=%2Fwp%2Fv2%2Fmedia&parent=258"}],"wp:term":[{"taxonomy":"category","embeddable":true,"href":"https:\/\/prolococittadicaserta.it\/index.php?rest_route=%2Fwp%2Fv2%2Fcategories&post=258"},{"taxonomy":"post_tag","embeddable":true,"href":"https:\/\/prolococittadicaserta.it\/index.php?rest_route=%2Fwp%2Fv2%2Ftags&post=258"}],"curies":[{"name":"wp","href":"https:\/\/api.w.org\/{rel}","templated":true}]}}