{"id":2895,"date":"2021-02-09T16:01:06","date_gmt":"2021-02-09T15:01:06","guid":{"rendered":"https:\/\/prolococittadicaserta.it\/?p=2895"},"modified":"2021-11-01T18:31:22","modified_gmt":"2021-11-01T17:31:22","slug":"attivita-di-assistenza-e-consulenza-gratuita","status":"publish","type":"post","link":"https:\/\/prolococittadicaserta.it\/?p=2895","title":{"rendered":"Attivit\u00e0 di assistenza e consulenza gratuita"},"content":{"rendered":"\n<p class=\"has-text-align-center has-background\" style=\"background-color:#fefe7d;font-size:32px\"><strong>C.A.F., riprende l&#8217;attivit\u00e0 presso la sede<\/strong>.<\/p>\n\n\n\n<p style=\"font-size:26px\">Tutti i <strong><span style=\"color:#2813b3\" class=\"has-inline-color\">mercoled\u00ec <\/span><\/strong>dalle <strong><span style=\"color:#2813b3\" class=\"has-inline-color\">16:00<\/span><\/strong> alle <strong><span style=\"color:#2813b3\" class=\"has-inline-color\">18:00<\/span><\/strong><\/p>\n\n\n\n<p style=\"font-size:26px\"><em>AVVERTENZA IMPORTANTE<\/em>:<\/p>\n\n\n\n<p class=\"has-medium-font-size\">a causa dell&#8217;emergenza Sanitaria \u00e8 necessaria la prenotazione: <\/p>\n\n\n\n<p class=\"has-medium-font-size\">Fisso: <strong><span class=\"has-inline-color has-vivid-red-color\">0823 1683573<\/span><\/strong> (orario apertura)<\/p>\n\n\n\n<p class=\"has-medium-font-size\">Mobile: <strong><span class=\"has-inline-color has-vivid-red-color\">345 2622202<\/span><\/strong><\/p>\n\n\n\n<figure class=\"wp-block-image size-large\"><img loading=\"lazy\" decoding=\"async\" width=\"724\" height=\"1024\" src=\"https:\/\/prolococittadicaserta.it\/wp-content\/uploads\/2021\/02\/Volantino-CAF-A4-3-724x1024.jpg\" alt=\"\" class=\"wp-image-2902\" srcset=\"https:\/\/prolococittadicaserta.it\/wp-content\/uploads\/2021\/02\/Volantino-CAF-A4-3-724x1024.jpg 724w, https:\/\/prolococittadicaserta.it\/wp-content\/uploads\/2021\/02\/Volantino-CAF-A4-3-212x300.jpg 212w, https:\/\/prolococittadicaserta.it\/wp-content\/uploads\/2021\/02\/Volantino-CAF-A4-3-768x1086.jpg 768w, https:\/\/prolococittadicaserta.it\/wp-content\/uploads\/2021\/02\/Volantino-CAF-A4-3-1086x1536.jpg 1086w, https:\/\/prolococittadicaserta.it\/wp-content\/uploads\/2021\/02\/Volantino-CAF-A4-3-1448x2048.jpg 1448w, https:\/\/prolococittadicaserta.it\/wp-content\/uploads\/2021\/02\/Volantino-CAF-A4-3.jpg 1654w\" sizes=\"auto, (max-width: 724px) 100vw, 724px\" \/><\/figure>\n\n\n\n<div class=\"wp-block-file\"><a href=\"https:\/\/prolococittadicaserta.it\/wp-content\/uploads\/2021\/02\/Volantino-CAF-A4-2.jpg\">Volantino-CAF-A4-2<\/a><a href=\"https:\/\/prolococittadicaserta.it\/wp-content\/uploads\/2021\/02\/Volantino-CAF-A4-2.jpg\" class=\"wp-block-file__button\" download>Download<\/a><\/div>\n\n\n\n<p><\/p>\n","protected":false},"excerpt":{"rendered":"<p>C.A.F., riprende l&#8217;attivit\u00e0 presso la sede. Tutti i mercoled\u00ec dalle 16:00 alle 18:00 AVVERTENZA IMPORTANTE: a causa dell&#8217;emergenza Sanitaria \u00e8 necessaria la prenotazione: Fisso: 0823 1683573 (orario apertura) Mobile: 345 2622202<\/p>\n","protected":false},"author":1,"featured_media":2733,"comment_status":"open","ping_status":"open","sticky":false,"template":"","format":"standard","meta":{"footnotes":""},"categories":[1],"tags":[],"class_list":["post-2895","post","type-post","status-publish","format-standard","has-post-thumbnail","hentry","category-non-classe"],"_links":{"self":[{"href":"https:\/\/prolococittadicaserta.it\/index.php?rest_route=\/wp\/v2\/posts\/2895","targetHints":{"allow":["GET"]}}],"collection":[{"href":"https:\/\/prolococittadicaserta.it\/index.php?rest_route=\/wp\/v2\/posts"}],"about":[{"href":"https:\/\/prolococittadicaserta.it\/index.php?rest_route=\/wp\/v2\/types\/post"}],"author":[{"embeddable":true,"href":"https:\/\/prolococittadicaserta.it\/index.php?rest_route=\/wp\/v2\/users\/1"}],"replies":[{"embeddable":true,"href":"https:\/\/prolococittadicaserta.it\/index.php?rest_route=%2Fwp%2Fv2%2Fcomments&post=2895"}],"version-history":[{"count":2,"href":"https:\/\/prolococittadicaserta.it\/index.php?rest_route=\/wp\/v2\/posts\/2895\/revisions"}],"predecessor-version":[{"id":2903,"href":"https:\/\/prolococittadicaserta.it\/index.php?rest_route=\/wp\/v2\/posts\/2895\/revisions\/2903"}],"wp:featuredmedia":[{"embeddable":true,"href":"https:\/\/prolococittadicaserta.it\/index.php?rest_route=\/wp\/v2\/media\/2733"}],"wp:attachment":[{"href":"https:\/\/prolococittadicaserta.it\/index.php?rest_route=%2Fwp%2Fv2%2Fmedia&parent=2895"}],"wp:term":[{"taxonomy":"category","embeddable":true,"href":"https:\/\/prolococittadicaserta.it\/index.php?rest_route=%2Fwp%2Fv2%2Fcategories&post=2895"},{"taxonomy":"post_tag","embeddable":true,"href":"https:\/\/prolococittadicaserta.it\/index.php?rest_route=%2Fwp%2Fv2%2Ftags&post=2895"}],"curies":[{"name":"wp","href":"https:\/\/api.w.org\/{rel}","templated":true}]}}