{"id":5511,"date":"2025-11-21T16:41:48","date_gmt":"2025-11-21T15:41:48","guid":{"rendered":"https:\/\/prolococittadicaserta.it\/?p=5511"},"modified":"2026-01-04T15:37:15","modified_gmt":"2026-01-04T14:37:15","slug":"natale-solidale-2025","status":"publish","type":"post","link":"https:\/\/prolococittadicaserta.it\/?p=5511","title":{"rendered":"NATALE SOLIDALE 2025"},"content":{"rendered":"\n<p>AVVISO<\/p>\n\n\n\n<p>La Fondazione <strong>Chops &#8211; Malattie rare ETS<\/strong> ha fatto pervenire una locandina per un\u2019iniziativa di solidariet\u00e0 nei confronti di un bimbo di nome Mario, la famiglia \u00e8 originaria della Provincia di Caserta, che rappresenta, da quando si \u00e8 potuto apprendere, uno dei tre casi esistenti nel nostro Paese della sindrome <strong>CHOPS<\/strong>, una malattia genetica ultra-rara e multiorgano.<\/p>\n\n\n\n<p>La Pro Loco si pone a favore dell\u2019iniziativa con un\u2019attivit\u00e0 di prenotazione di:<\/p>\n\n\n\n<ul class=\"wp-block-list\">\n<li>Mini panettoni artigianali con una donazione minima di \u20ac <strong>5,00<\/strong> (eurocinque) cadauno;<\/li>\n\n\n\n<li>Panettone artigianale con una donazione minima di \u20ac <strong>25,00<\/strong> (euroventicinque) cadauno;<\/li>\n\n\n\n<li>Cofanetto di torroncini dal peso di 300 gr con una donazione minima di euro <strong>10,00<\/strong> (eurodieci) cadauno.<\/li>\n<\/ul>\n\n\n\n<p>Il ricavato delle donazioni sar\u00e0 versato alla Fondazione e utilizzato per la ricerca di possibili cure portate avanti dalla societ\u00e0 di biotech: <strong>UNRAVEL BIOSCIENCES<\/strong> di Boston.<\/p>\n\n\n\n<p>Considerando l\u2019alto valore sociale della raccolta fondi invitiamo tutti gli Associati a voler aderire all\u2019iniziativa con scadenza delle prenotazioni al <strong>12 dicembre 2025<\/strong>.<\/p>\n\n\n\n<p>In allegato locandina pervenuta dell\u2019iniziativa.<\/p>\n\n\n\n<p>La sede della Pro Loco, per le prenotazioni con il contestuale versamento dell&#8217;importo, &nbsp;\u00e8 aperta dal <strong>luned\u00ec<\/strong> al <strong>venerd\u00ec<\/strong> dalle ore <strong>15:00<\/strong> alle <strong>19:00<\/strong> e il <strong>sabato<\/strong> dalle <strong>09:00<\/strong> alle <strong>12:00<\/strong>.<\/p>\n\n\n\n<p>La segreteria della Pro Loco<\/p>\n\n\n\n<figure class=\"wp-block-image size-large\"><img loading=\"lazy\" decoding=\"async\" width=\"725\" height=\"1024\" src=\"https:\/\/prolococittadicaserta.it\/wp-content\/uploads\/2025\/11\/Natale-Solidale-2025-725x1024.jpg\" alt=\"\" class=\"wp-image-5512\" srcset=\"https:\/\/prolococittadicaserta.it\/wp-content\/uploads\/2025\/11\/Natale-Solidale-2025-725x1024.jpg 725w, https:\/\/prolococittadicaserta.it\/wp-content\/uploads\/2025\/11\/Natale-Solidale-2025-212x300.jpg 212w, https:\/\/prolococittadicaserta.it\/wp-content\/uploads\/2025\/11\/Natale-Solidale-2025-768x1085.jpg 768w, https:\/\/prolococittadicaserta.it\/wp-content\/uploads\/2025\/11\/Natale-Solidale-2025-1087x1536.jpg 1087w, https:\/\/prolococittadicaserta.it\/wp-content\/uploads\/2025\/11\/Natale-Solidale-2025-1449x2048.jpg 1449w, https:\/\/prolococittadicaserta.it\/wp-content\/uploads\/2025\/11\/Natale-Solidale-2025-scaled.jpg 1811w\" sizes=\"auto, (max-width: 725px) 100vw, 725px\" \/><\/figure>\n\n\n\n<div class=\"wp-block-file\"><a id=\"wp-block-file--media-c03049f4-88bc-40ec-b18c-08d4872927fa\" href=\"https:\/\/prolococittadicaserta.it\/wp-content\/uploads\/2025\/11\/Natale-Solidale-2025.pdf\">Natale Solidale 2025<\/a><a href=\"https:\/\/prolococittadicaserta.it\/wp-content\/uploads\/2025\/11\/Natale-Solidale-2025.pdf\" class=\"wp-block-file__button wp-element-button\" download aria-describedby=\"wp-block-file--media-c03049f4-88bc-40ec-b18c-08d4872927fa\">Download<\/a><\/div>\n","protected":false},"excerpt":{"rendered":"<p>AVVISO La Fondazione Chops &#8211; Malattie rare ETS ha fatto pervenire una locandina per un\u2019iniziativa di solidariet\u00e0 nei confronti di un bimbo di nome Mario, la famiglia \u00e8 originaria della Provincia di Caserta, che rappresenta, da quando si \u00e8 potuto apprendere, uno dei tre casi esistenti nel nostro Paese della sindrome CHOPS, una malattia genetica &hellip; <\/p>\n<p class=\"link-more\"><a href=\"https:\/\/prolococittadicaserta.it\/?p=5511\" class=\"more-link\">Leggi tutto<span class=\"screen-reader-text\"> &#8220;NATALE SOLIDALE 2025&#8221;<\/span><\/a><\/p>\n","protected":false},"author":1,"featured_media":5514,"comment_status":"closed","ping_status":"open","sticky":false,"template":"","format":"standard","meta":{"footnotes":""},"categories":[1],"tags":[],"class_list":["post-5511","post","type-post","status-publish","format-standard","has-post-thumbnail","hentry","category-non-classe"],"_links":{"self":[{"href":"https:\/\/prolococittadicaserta.it\/index.php?rest_route=\/wp\/v2\/posts\/5511","targetHints":{"allow":["GET"]}}],"collection":[{"href":"https:\/\/prolococittadicaserta.it\/index.php?rest_route=\/wp\/v2\/posts"}],"about":[{"href":"https:\/\/prolococittadicaserta.it\/index.php?rest_route=\/wp\/v2\/types\/post"}],"author":[{"embeddable":true,"href":"https:\/\/prolococittadicaserta.it\/index.php?rest_route=\/wp\/v2\/users\/1"}],"replies":[{"embeddable":true,"href":"https:\/\/prolococittadicaserta.it\/index.php?rest_route=%2Fwp%2Fv2%2Fcomments&post=5511"}],"version-history":[{"count":2,"href":"https:\/\/prolococittadicaserta.it\/index.php?rest_route=\/wp\/v2\/posts\/5511\/revisions"}],"predecessor-version":[{"id":5516,"href":"https:\/\/prolococittadicaserta.it\/index.php?rest_route=\/wp\/v2\/posts\/5511\/revisions\/5516"}],"wp:featuredmedia":[{"embeddable":true,"href":"https:\/\/prolococittadicaserta.it\/index.php?rest_route=\/wp\/v2\/media\/5514"}],"wp:attachment":[{"href":"https:\/\/prolococittadicaserta.it\/index.php?rest_route=%2Fwp%2Fv2%2Fmedia&parent=5511"}],"wp:term":[{"taxonomy":"category","embeddable":true,"href":"https:\/\/prolococittadicaserta.it\/index.php?rest_route=%2Fwp%2Fv2%2Fcategories&post=5511"},{"taxonomy":"post_tag","embeddable":true,"href":"https:\/\/prolococittadicaserta.it\/index.php?rest_route=%2Fwp%2Fv2%2Ftags&post=5511"}],"curies":[{"name":"wp","href":"https:\/\/api.w.org\/{rel}","templated":true}]}}