{"id":5769,"date":"2026-04-30T00:03:13","date_gmt":"2026-04-29T22:03:13","guid":{"rendered":"https:\/\/prolococittadicaserta.it\/?p=5769"},"modified":"2026-04-30T00:03:13","modified_gmt":"2026-04-29T22:03:13","slug":"passeggiata-sul-carolino-tra-storia-e-natura-3","status":"publish","type":"post","link":"https:\/\/prolococittadicaserta.it\/?p=5769","title":{"rendered":"PASSEGGIATA SUL CAROLINO TRA STORIA E NATURA"},"content":{"rendered":"\n<p class=\"has-medium-font-size\">AVVISO:<\/p>\n\n\n\n<p class=\"has-medium-font-size\">la Pro Loco Citt\u00e0 di Caserta in collaborazione con UNITRE (Universit\u00e0 della terza et\u00e0) CASAGIOVE ha organizzato una passeggiata ecologica dal titolo &#8220;Passeggiata sul Carolino tra storia e natura&#8221; che si terr\u00e0 il prossimo <strong>17 maggio 2026<\/strong> (domenica) con ritrovo dei partecipanti al Monumento Garibaldino dei Ponti della Valle alle ore<strong> 09:00<\/strong>.<\/p>\n\n\n\n<p class=\"has-medium-font-size\">Il programma si evince dalla locandina allegata.<\/p>\n\n\n\n<p class=\"has-pale-cyan-blue-background-color has-background has-medium-font-size\"><strong>E&#8217; previsto anche un pranzo presso l&#8217; agriturismo Koin\u00e8 soul food (fattoria sociale) a Dugenta il cui costo pro capite \u00e8 di euro 25,00<\/strong>.<\/p>\n\n\n\n<p class=\"has-medium-font-size\">Le prenotazioni dovranno essere effettuate, inderogabilmente, entro il giorno <strong>15 maggio<\/strong> tramite<\/p>\n\n\n\n<p class=\"has-medium-font-size\">-email: <strong>info@prolococittadicaserta.it<\/strong><\/p>\n\n\n\n<p class=\"has-medium-font-size\">-tel: <strong>0823 1683573 <\/strong>(orari apertura sede dalle 15:00 alle 19:00 dal luned\u00ec al venerd\u00ec)<\/p>\n\n\n\n<p class=\"has-light-green-cyan-background-color has-background has-medium-font-size\"><strong>Per coloro che vorranno partecipare al pranzo contestualmente alla prenotazione dovr\u00e0 essere versato l&#8217;importo di euro 25,00 cadauno<\/strong>.<\/p>\n\n\n\n<p class=\"has-medium-font-size\">La segreteria della Pro Loco.<\/p>\n\n\n\n<figure class=\"wp-block-image size-large\"><img loading=\"lazy\" decoding=\"async\" width=\"724\" height=\"1024\" src=\"https:\/\/prolococittadicaserta.it\/wp-content\/uploads\/2026\/04\/locandina-1-724x1024.jpg\" alt=\"\" class=\"wp-image-5770\" srcset=\"https:\/\/prolococittadicaserta.it\/wp-content\/uploads\/2026\/04\/locandina-1-724x1024.jpg 724w, https:\/\/prolococittadicaserta.it\/wp-content\/uploads\/2026\/04\/locandina-1-212x300.jpg 212w, https:\/\/prolococittadicaserta.it\/wp-content\/uploads\/2026\/04\/locandina-1-768x1086.jpg 768w, https:\/\/prolococittadicaserta.it\/wp-content\/uploads\/2026\/04\/locandina-1-1086x1536.jpg 1086w, https:\/\/prolococittadicaserta.it\/wp-content\/uploads\/2026\/04\/locandina-1.jpg 1414w\" sizes=\"auto, (max-width: 724px) 100vw, 724px\" \/><\/figure>\n\n\n\n<div class=\"wp-block-file\"><a id=\"wp-block-file--media-0bdd6642-0bbc-4c8e-85b0-10473246d571\" href=\"https:\/\/prolococittadicaserta.it\/wp-content\/uploads\/2026\/04\/locandina.pdf\">locandina<\/a><a href=\"https:\/\/prolococittadicaserta.it\/wp-content\/uploads\/2026\/04\/locandina.pdf\" class=\"wp-block-file__button wp-element-button\" download aria-describedby=\"wp-block-file--media-0bdd6642-0bbc-4c8e-85b0-10473246d571\">Download<\/a><\/div>\n\n\n\n<div class=\"wp-block-file\"><a id=\"wp-block-file--media-e6c81e9b-1d08-4638-87d4-896caf441b4f\" href=\"https:\/\/prolococittadicaserta.it\/wp-content\/uploads\/2026\/04\/Menu-proloco-maggio-2026.pdf\">Menu proloco maggio 2026<\/a><a href=\"https:\/\/prolococittadicaserta.it\/wp-content\/uploads\/2026\/04\/Menu-proloco-maggio-2026.pdf\" class=\"wp-block-file__button wp-element-button\" download aria-describedby=\"wp-block-file--media-e6c81e9b-1d08-4638-87d4-896caf441b4f\">Download<\/a><\/div>\n","protected":false},"excerpt":{"rendered":"<p>AVVISO: la Pro Loco Citt\u00e0 di Caserta in collaborazione con UNITRE (Universit\u00e0 della terza et\u00e0) CASAGIOVE ha organizzato una passeggiata ecologica dal titolo &#8220;Passeggiata sul Carolino tra storia e natura&#8221; che si terr\u00e0 il prossimo 17 maggio 2026 (domenica) con ritrovo dei partecipanti al Monumento Garibaldino dei Ponti della Valle alle ore 09:00. Il programma &hellip; <\/p>\n<p class=\"link-more\"><a href=\"https:\/\/prolococittadicaserta.it\/?p=5769\" class=\"more-link\">Leggi tutto<span class=\"screen-reader-text\"> &#8220;PASSEGGIATA SUL CAROLINO TRA STORIA E NATURA&#8221;<\/span><\/a><\/p>\n","protected":false},"author":1,"featured_media":4638,"comment_status":"closed","ping_status":"open","sticky":true,"template":"","format":"standard","meta":{"footnotes":""},"categories":[1],"tags":[],"class_list":["post-5769","post","type-post","status-publish","format-standard","has-post-thumbnail","hentry","category-non-classe"],"_links":{"self":[{"href":"https:\/\/prolococittadicaserta.it\/index.php?rest_route=\/wp\/v2\/posts\/5769","targetHints":{"allow":["GET"]}}],"collection":[{"href":"https:\/\/prolococittadicaserta.it\/index.php?rest_route=\/wp\/v2\/posts"}],"about":[{"href":"https:\/\/prolococittadicaserta.it\/index.php?rest_route=\/wp\/v2\/types\/post"}],"author":[{"embeddable":true,"href":"https:\/\/prolococittadicaserta.it\/index.php?rest_route=\/wp\/v2\/users\/1"}],"replies":[{"embeddable":true,"href":"https:\/\/prolococittadicaserta.it\/index.php?rest_route=%2Fwp%2Fv2%2Fcomments&post=5769"}],"version-history":[{"count":1,"href":"https:\/\/prolococittadicaserta.it\/index.php?rest_route=\/wp\/v2\/posts\/5769\/revisions"}],"predecessor-version":[{"id":5773,"href":"https:\/\/prolococittadicaserta.it\/index.php?rest_route=\/wp\/v2\/posts\/5769\/revisions\/5773"}],"wp:featuredmedia":[{"embeddable":true,"href":"https:\/\/prolococittadicaserta.it\/index.php?rest_route=\/wp\/v2\/media\/4638"}],"wp:attachment":[{"href":"https:\/\/prolococittadicaserta.it\/index.php?rest_route=%2Fwp%2Fv2%2Fmedia&parent=5769"}],"wp:term":[{"taxonomy":"category","embeddable":true,"href":"https:\/\/prolococittadicaserta.it\/index.php?rest_route=%2Fwp%2Fv2%2Fcategories&post=5769"},{"taxonomy":"post_tag","embeddable":true,"href":"https:\/\/prolococittadicaserta.it\/index.php?rest_route=%2Fwp%2Fv2%2Ftags&post=5769"}],"curies":[{"name":"wp","href":"https:\/\/api.w.org\/{rel}","templated":true}]}}